{"id":1661,"date":"2025-09-30T10:10:24","date_gmt":"2025-09-30T08:10:24","guid":{"rendered":"https:\/\/cus.slupno.eu\/www\/?p=1661"},"modified":"2025-09-30T10:15:49","modified_gmt":"2025-09-30T08:15:49","slug":"%e2%9c%a8-profilaktyka-to-sila-%e2%9c%a8","status":"publish","type":"post","link":"https:\/\/cus.slupno.eu\/www\/%e2%9c%a8-profilaktyka-to-sila-%e2%9c%a8\/","title":{"rendered":"\u2728 Profilaktyka to si\u0142a! \u2728"},"content":{"rendered":"\n<p>26 wrze\u015bnia w Centrum Us\u0142ug Spo\u0142ecznych w S\u0142upnie odby\u0142o si\u0119 wyj\u0105tkowe spotkanie z przedstawicielkami <strong>Onkocafe<\/strong>, <strong>Ambasadorkami Profilaktyki #R\u00f3\u017cowyPatrol<\/strong> oraz inicjatywy <strong>Kobiety w Centrum<\/strong> \ud83d\udc97<\/p>\n\n\n\n<p>\ud83d\udc49 Rozmawiali\u015bmy o:<br>\ud83c\udf80 raku piersi<br>\ud83c\udf80 raku szyjki macicy<br>\ud83c\udf80 raku prostaty<br>\ud83c\udf80 raku j\u0105der<\/p>\n\n\n\n<p>Uczestnicy mogli tak\u017ce wzi\u0105\u0107 udzia\u0142 w <strong>praktycznych pokazach samobadania na fantomach<\/strong> \u2013 ucz\u0105c si\u0119, jak prawid\u0142owo dba\u0107 o swoje zdrowie ka\u017cdego dnia.<\/p>\n\n\n\n<p>By\u0142o merytorycznie, praktycznie i z ogromn\u0105 dawk\u0105 pozytywnej energii \ud83c\udf38 \ud83d\udcaa<br>Dzi\u0119kujemy za obecno\u015b\u0107, wiedz\u0119 i wsparcie!<\/p>\n\n\n\n<p>\ud83d\udc96 Dbajmy o siebie i swoich bliskich \u2013 razem mo\u017cemy wi\u0119cej!<\/p>\n\n\n\n<p>#Profilaktyka #Zdrowie #RazemMo\u017cemyWi\u0119cej<\/p>\n\n\n\n<!--more-->\n\n\n\n<figure class=\"wp-block-gallery has-nested-images columns-default is-cropped wp-block-gallery-1 is-layout-flex wp-block-gallery-is-layout-flex\">\n<figure class=\"wp-block-image size-large\"><img loading=\"lazy\" decoding=\"async\" width=\"766\" height=\"1024\" data-id=\"1663\" src=\"https:\/\/cus.slupno.eu\/www\/wp-content\/uploads\/2025\/09\/3-1-766x1024.jpg\" alt=\"Spotkanie dotycz\u0105ce profilaktyki nowotworowej\" class=\"wp-image-1663\" srcset=\"https:\/\/cus.slupno.eu\/www\/wp-content\/uploads\/2025\/09\/3-1-766x1024.jpg 766w, https:\/\/cus.slupno.eu\/www\/wp-content\/uploads\/2025\/09\/3-1-224x300.jpg 224w, https:\/\/cus.slupno.eu\/www\/wp-content\/uploads\/2025\/09\/3-1-768x1027.jpg 768w, https:\/\/cus.slupno.eu\/www\/wp-content\/uploads\/2025\/09\/3-1-1149x1536.jpg 1149w, https:\/\/cus.slupno.eu\/www\/wp-content\/uploads\/2025\/09\/3-1.jpg 1532w\" sizes=\"auto, (max-width: 766px) 100vw, 766px\" \/><figcaption class=\"wp-element-caption\">Spotkanie z przedstawicielkami Onkocafe, Ambasadorkami Profilaktyki #R\u00f3\u017cowyPatrol oraz inicjatywy Kobiety w Centrum \ud83d\udc97<\/figcaption><\/figure>\n\n\n\n<figure class=\"wp-block-image size-large\"><img loading=\"lazy\" decoding=\"async\" width=\"766\" height=\"1024\" data-id=\"1662\" src=\"https:\/\/cus.slupno.eu\/www\/wp-content\/uploads\/2025\/09\/1-1-766x1024.jpg\" alt=\"Spotkanie z przedstawicielkami Onkocafe, Ambasadorkami Profilaktyki #R\u00f3\u017cowyPatrol oraz inicjatywy Kobiety w Centrum \ud83d\udc97\" class=\"wp-image-1662\" srcset=\"https:\/\/cus.slupno.eu\/www\/wp-content\/uploads\/2025\/09\/1-1-766x1024.jpg 766w, https:\/\/cus.slupno.eu\/www\/wp-content\/uploads\/2025\/09\/1-1-224x300.jpg 224w, https:\/\/cus.slupno.eu\/www\/wp-content\/uploads\/2025\/09\/1-1-768x1027.jpg 768w, https:\/\/cus.slupno.eu\/www\/wp-content\/uploads\/2025\/09\/1-1-1149x1536.jpg 1149w, https:\/\/cus.slupno.eu\/www\/wp-content\/uploads\/2025\/09\/1-1.jpg 1532w\" sizes=\"auto, (max-width: 766px) 100vw, 766px\" \/><figcaption class=\"wp-element-caption\">Spotkanie z przedstawicielkami Onkocafe, Ambasadorkami Profilaktyki #R\u00f3\u017cowyPatrol oraz inicjatywy Kobiety w Centrum \ud83d\udc97<\/figcaption><\/figure>\n<\/figure>\n\n\n\n<p><\/p>\n","protected":false},"excerpt":{"rendered":"<p>26 wrze\u015bnia w Centrum Us\u0142ug Spo\u0142ecznych w S\u0142upnie odby\u0142o si\u0119 wyj\u0105tkowe spotkanie z przedstawicielkami Onkocafe, Ambasadorkami Profilaktyki #R\u00f3\u017cowyPatrol oraz inicjatywy Kobiety w Centrum \ud83d\udc97 \ud83d\udc49 Rozmawiali\u015bmy o:\ud83c\udf80 raku piersi\ud83c\udf80 raku szyjki macicy\ud83c\udf80 raku prostaty\ud83c\udf80 raku j\u0105der Uczestnicy mogli tak\u017ce wzi\u0105\u0107 udzia\u0142 w praktycznych pokazach samobadania na fantomach \u2013 ucz\u0105c si\u0119, jak prawid\u0142owo dba\u0107 o swoje [&hellip;]<\/p>\n","protected":false},"author":3,"featured_media":0,"comment_status":"closed","ping_status":"open","sticky":false,"template":"","format":"standard","meta":{"footnotes":""},"categories":[1],"tags":[],"class_list":["post-1661","post","type-post","status-publish","format-standard","hentry","category-aktualnosci"],"_links":{"self":[{"href":"https:\/\/cus.slupno.eu\/www\/wp-json\/wp\/v2\/posts\/1661","targetHints":{"allow":["GET"]}}],"collection":[{"href":"https:\/\/cus.slupno.eu\/www\/wp-json\/wp\/v2\/posts"}],"about":[{"href":"https:\/\/cus.slupno.eu\/www\/wp-json\/wp\/v2\/types\/post"}],"author":[{"embeddable":true,"href":"https:\/\/cus.slupno.eu\/www\/wp-json\/wp\/v2\/users\/3"}],"replies":[{"embeddable":true,"href":"https:\/\/cus.slupno.eu\/www\/wp-json\/wp\/v2\/comments?post=1661"}],"version-history":[{"count":2,"href":"https:\/\/cus.slupno.eu\/www\/wp-json\/wp\/v2\/posts\/1661\/revisions"}],"predecessor-version":[{"id":1666,"href":"https:\/\/cus.slupno.eu\/www\/wp-json\/wp\/v2\/posts\/1661\/revisions\/1666"}],"wp:attachment":[{"href":"https:\/\/cus.slupno.eu\/www\/wp-json\/wp\/v2\/media?parent=1661"}],"wp:term":[{"taxonomy":"category","embeddable":true,"href":"https:\/\/cus.slupno.eu\/www\/wp-json\/wp\/v2\/categories?post=1661"},{"taxonomy":"post_tag","embeddable":true,"href":"https:\/\/cus.slupno.eu\/www\/wp-json\/wp\/v2\/tags?post=1661"}],"curies":[{"name":"wp","href":"https:\/\/api.w.org\/{rel}","templated":true}]}}