{"id":783,"date":"2018-07-30T19:29:00","date_gmt":"2018-07-30T17:29:00","guid":{"rendered":"https:\/\/cus.slupno.eu\/www\/?p=783"},"modified":"2025-08-04T19:31:36","modified_gmt":"2025-08-04T17:31:36","slug":"liderzy-kooperacji","status":"publish","type":"post","link":"https:\/\/cus.slupno.eu\/www\/liderzy-kooperacji\/","title":{"rendered":"LIDERZY KOOPERACJI"},"content":{"rendered":"\n<p>Samorz\u0105d Wojew\u00f3dztwa Mazowieckiego, Mazowieckie Centrum Polityki Spo\u0142ecznej rozpoczyna wsp\u00f3lnie <strong>z Powiatem P\u0142ockim i Gmin\u0105 S\u0142upno<\/strong> dzia\u0142ania w ramach projektu pn.: \u201e<strong>Liderzy kooperacji\u201d,<\/strong> realizowanym w ramach Programu Operacyjnego Wiedza, Edukacja, Rozw\u00f3j (PO WER) na lata 2014-2020, wsp\u00f3\u0142finansowanym ze \u015brodk\u00f3w Europejskiego Funduszu Spo\u0142ecznego. Projekt pn.: \u201eLiderzy kooperacji\u201d jest realizowany w ramach umowy partnerskiej zawartej pomi\u0119dzy Regionalnymi O\u015brodkami Polityki Spo\u0142ecznej w Rzeszowie, Bia\u0142ymstoku, Lublinie, Kielcach oraz Mazowieckim Centrum Polityki Spo\u0142ecznej w Warszawie.<\/p>\n\n\n\n<!--more-->\n\n\n\n<p>Maj\u0105c na uwadze kompetencje Pa\u0144stwa instytucji w zakresie kooperacji, zapraszamy do wsp\u00f3lnego wypracowania, w tym bycia wsp\u00f3\u0142autorem, innowacyjnego <strong>DLA GMIN WIEJSKICH<\/strong><br>w ca\u0142ej Polsce <strong>MODELU KOOPERACJI<\/strong><strong>.<\/strong><\/p>\n\n\n\n<p>G\u0142\u00f3wnym celem projektu jest w\u0142a\u015bnie wypracowanie i wdro\u017cenie Modelu Kooperacji (modelowego schematu wsp\u00f3\u0142pracy) pomi\u0119dzy instytucjami pomocy i integracji spo\u0142ecznej,<br>a podmiotami innych polityk sektorowych (Policja, S\u0105downictwo, O\u015bwiata, Organizacje Pozarz\u0105dowe, itp.), istotnych z punktu widzenia w\u0142\u0105czenia spo\u0142ecznego i zwalczania ub\u00f3stwa na terenie gmin wiejskich.<\/p>\n\n\n\n<p>Do prac nad Modelem Kooperacji w <strong>Powiecie P\u0142ockim i Gminie S\u0142upno<\/strong> pragniemy zaprosi\u0107 szereg instytucji z terenu Powiatu i Gminy, kt\u00f3re utworz\u0105 wsp\u00f3lnie <strong>Gminno-Powiatowy Zesp\u00f3\u0142 Kooperacji (G-PZK).<\/strong><\/p>\n\n\n\n<p>Wsp\u00f3lna praca nad <strong>WSP\u00d3\u0141AUTORSKIM MODELEM KOOPERACJI<\/strong> zawiera wyznaczenie aktywnej i ch\u0119tnej osoby z Pa\u0144stwa instytucji oraz umo\u017cliwienie jej udzia\u0142u w:<\/p>\n\n\n\n<ol class=\"wp-block-list\">\n<li>comiesi\u0119cznych jednodniowych spotkaniach Gminno-Powiatowego Zespo\u0142u Kooperacji w m-cach VII-XII.2018,<\/li>\n\n\n\n<li>dw\u00f3ch jednodniowych szkoleniach z zakresu efektywnej pracy z rodzin\u0105 oraz zasad wsp\u00f3\u0142pracy\/kooperacji VII-IX.2018,<\/li>\n\n\n\n<li>badaniufocusowym w VII-VII.2018.<\/li>\n<\/ol>\n\n\n\n<p>Ponadto planujemy r\u00f3wnie\u017c trzydniowe spotkanie wymiany do\u015bwiadcze\u0144 z innymi Gminami woj. mazowieckiego, kt\u00f3re r\u00f3wnie\u017c bior\u0105 udzia\u0142 w opracowaniu Modelu Kooperacji w woj. mazowieckim.<\/p>\n\n\n\n<p>Udzia\u0142 w projekcie <strong>nie jest zwi\u0105zany<\/strong> z \u017cadnymi obci\u0105\u017ceniami finansowymi ze strony instytucji.<\/p>\n\n\n\n<p>Wi\u0119cej informacji uzyskaj\u0105 Pa\u0144stwo w zak\u0142adce:<\/p>\n\n\n\n<p><a href=\"http:\/\/www.mcps.com.pl\/projekty-eu\">http:\/\/www.mcps.com.pl\/projekty-eu<\/a><\/p>\n\n\n\n<figure class=\"wp-block-gallery has-nested-images columns-default is-cropped wp-block-gallery-1 is-layout-flex wp-block-gallery-is-layout-flex\">\n<figure class=\"wp-block-image size-large\"><img loading=\"lazy\" decoding=\"async\" width=\"368\" height=\"310\" data-id=\"784\" src=\"https:\/\/cus.slupno.eu\/www\/wp-content\/uploads\/2025\/08\/P1050782-1.jpg\" alt=\"\" class=\"wp-image-784\" srcset=\"https:\/\/cus.slupno.eu\/www\/wp-content\/uploads\/2025\/08\/P1050782-1.jpg 368w, https:\/\/cus.slupno.eu\/www\/wp-content\/uploads\/2025\/08\/P1050782-1-300x253.jpg 300w\" sizes=\"auto, (max-width: 368px) 100vw, 368px\" \/><\/figure>\n<\/figure>\n","protected":false},"excerpt":{"rendered":"<p>Samorz\u0105d Wojew\u00f3dztwa Mazowieckiego, Mazowieckie Centrum Polityki Spo\u0142ecznej rozpoczyna wsp\u00f3lnie z Powiatem P\u0142ockim i Gmin\u0105 S\u0142upno dzia\u0142ania w ramach projektu pn.: \u201eLiderzy kooperacji\u201d, realizowanym w ramach Programu Operacyjnego Wiedza, Edukacja, Rozw\u00f3j (PO WER) na lata 2014-2020, wsp\u00f3\u0142finansowanym ze \u015brodk\u00f3w Europejskiego Funduszu Spo\u0142ecznego. Projekt pn.: \u201eLiderzy kooperacji\u201d jest realizowany w ramach umowy partnerskiej zawartej pomi\u0119dzy Regionalnymi O\u015brodkami [&hellip;]<\/p>\n","protected":false},"author":2,"featured_media":784,"comment_status":"closed","ping_status":"open","sticky":false,"template":"","format":"standard","meta":{"footnotes":""},"categories":[16],"tags":[],"class_list":["post-783","post","type-post","status-publish","format-standard","has-post-thumbnail","hentry","category-liderzy-kooperacji"],"_links":{"self":[{"href":"https:\/\/cus.slupno.eu\/www\/wp-json\/wp\/v2\/posts\/783","targetHints":{"allow":["GET"]}}],"collection":[{"href":"https:\/\/cus.slupno.eu\/www\/wp-json\/wp\/v2\/posts"}],"about":[{"href":"https:\/\/cus.slupno.eu\/www\/wp-json\/wp\/v2\/types\/post"}],"author":[{"embeddable":true,"href":"https:\/\/cus.slupno.eu\/www\/wp-json\/wp\/v2\/users\/2"}],"replies":[{"embeddable":true,"href":"https:\/\/cus.slupno.eu\/www\/wp-json\/wp\/v2\/comments?post=783"}],"version-history":[{"count":1,"href":"https:\/\/cus.slupno.eu\/www\/wp-json\/wp\/v2\/posts\/783\/revisions"}],"predecessor-version":[{"id":785,"href":"https:\/\/cus.slupno.eu\/www\/wp-json\/wp\/v2\/posts\/783\/revisions\/785"}],"wp:featuredmedia":[{"embeddable":true,"href":"https:\/\/cus.slupno.eu\/www\/wp-json\/wp\/v2\/media\/784"}],"wp:attachment":[{"href":"https:\/\/cus.slupno.eu\/www\/wp-json\/wp\/v2\/media?parent=783"}],"wp:term":[{"taxonomy":"category","embeddable":true,"href":"https:\/\/cus.slupno.eu\/www\/wp-json\/wp\/v2\/categories?post=783"},{"taxonomy":"post_tag","embeddable":true,"href":"https:\/\/cus.slupno.eu\/www\/wp-json\/wp\/v2\/tags?post=783"}],"curies":[{"name":"wp","href":"https:\/\/api.w.org\/{rel}","templated":true}]}}